{"id":767,"date":"2011-05-02T21:55:00","date_gmt":"2011-05-02T20:55:00","guid":{"rendered":"http:\/\/pernillaodlund.se\/?p=767"},"modified":"2011-05-02T21:55:00","modified_gmt":"2011-05-02T20:55:00","slug":"om-ni-visste","status":"publish","type":"post","link":"http:\/\/pernillaodlund.se\/?p=767","title":{"rendered":">Om ni visste"},"content":{"rendered":"<p>><span style=\"font-family: &quot;Helvetica Neue&quot;, Arial, Helvetica, sans-serif;\">hur glada och lyckliga vi \u00e4r \ud83d\ude00<\/span><br \/><span style=\"font-family: &quot;Helvetica Neue&quot;, Arial, Helvetica, sans-serif;\">KAKAN \u00e4r hemma igen!!!! :):):):)<\/span><\/p>\n<p><span style=\"font-family: &quot;Helvetica Neue&quot;, Arial, Helvetica, sans-serif;\">Ig\u00e5r \u00e5kte vi tur och retur Norrland f\u00f6r att h\u00e4mta lilla Kakan och hans \u00e4nnu mindre polare Pysen. Resan upp gick j\u00e4ttebra (men dock lite v\u00e4l m\u00e5nga kisspauser men men). N\u00e4r vi kom fram gick vi n\u00e4stan direkt ner i hagen och h\u00e4lsade p\u00e5 de sm\u00e5 liven. Kakan blev skitsur n\u00e4r vi kom &#8230; d\u00e5 blev vi f\u00f6rst lite ledsna &#8230;<br \/>Sedan blev vi bjudna p\u00e5 lunch av b\u00e4sta Suzanne som tagit hand om v\u00e5r sm\u00e5-hj\u00e4rtan i dryga halv\u00e5ret. Sen packade vi in alla deras saker i bakluckan p\u00e5 bilen, gick f\u00f6r att h\u00e4mta sm\u00e5ttingarna och lastade sedan in dem. Igen av dem hade blivit lastade p\u00e5 hela tiden men b\u00e5da n\u00e4stan sprang in i transporten \ud83d\ude42<\/span><br \/><span style=\"font-family: &quot;Helvetica Neue&quot;, Arial, Helvetica, sans-serif;\">Hemresan tog orimligt l\u00e5ng tid &#8211; och inte blev den kortare av att McD strax s\u00f6der om Arlanda var extremt underbemannade och det tog mer \u00e4n en halvtimme att bara f\u00e5 maten. Men hem kom vi ju i alla fall till slut. V\u00e4l hemma fick de komma in i varsin box och tugga lite h\u00f6silage. I morse sl\u00e4ppte jag ut dem tillsammans i den ena skogshagen och de verkade trivas direkt. Lugna och stillsamma har de varit hela dagen och b\u00e4sta kompisar verkar de vara \ud83d\ude42<\/span><br \/><span style=\"font-family: &quot;Helvetica Neue&quot;, Arial, Helvetica, sans-serif;\">N\u00e4r Emma kom till stallet vill hon s\u00e5klart rida. F\u00f6rst borstade hon bort arton kg p\u00e4ls (eftersom han g\u00e5tt p\u00e5 l\u00f6sdrift i Norrland s\u00e5 kan ni ju t\u00e4nka er vilken typ av vinterp\u00e4ls han satt) och sedan ut p\u00e5 ridbanan. Lyckan var total \ud83d\ude42<\/span><\/p>\n<div class=\"separator\" style=\"clear: both; text-align: center;\"><a href=\"http:\/\/2.bp.blogspot.com\/-XG7j6AY0Fpw\/Tb8Z2aEZpgI\/AAAAAAAAB84\/mVMcFpxzgEo\/s1600\/DSC_0021_xx.jpg\" imageanchor=\"1\" style=\"margin-left: 1em; margin-right: 1em;\"><img decoding=\"async\" border=\"0\" height=\"331px\" j8=\"true\" src=\"http:\/\/2.bp.blogspot.com\/-XG7j6AY0Fpw\/Tb8Z2aEZpgI\/AAAAAAAAB84\/mVMcFpxzgEo\/s400\/DSC_0021_xx.jpg\" width=\"400px\" \/><\/a><\/div>\n<div class=\"separator\" style=\"clear: both; text-align: center;\"><a href=\"http:\/\/2.bp.blogspot.com\/-x3LwaQGUXCA\/Tb8Z3DinDZI\/AAAAAAAAB88\/JMynZUAK4P8\/s1600\/DSC_0029_xx.jpg\" imageanchor=\"1\" style=\"margin-left: 1em; margin-right: 1em;\"><img decoding=\"async\" border=\"0\" height=\"400px\" j8=\"true\" src=\"http:\/\/2.bp.blogspot.com\/-x3LwaQGUXCA\/Tb8Z3DinDZI\/AAAAAAAAB88\/JMynZUAK4P8\/s400\/DSC_0029_xx.jpg\" width=\"243px\" \/><\/a><\/div>\n<div class=\"separator\" style=\"clear: both; text-align: center;\"><a href=\"http:\/\/1.bp.blogspot.com\/-bcFmu33eLp0\/Tb8Z3oaSm1I\/AAAAAAAAB9A\/Cof7gpPQ44Q\/s1600\/DSC_0031_xx.jpg\" imageanchor=\"1\" style=\"margin-left: 1em; margin-right: 1em;\"><img decoding=\"async\" border=\"0\" height=\"400px\" j8=\"true\" src=\"http:\/\/1.bp.blogspot.com\/-bcFmu33eLp0\/Tb8Z3oaSm1I\/AAAAAAAAB9A\/Cof7gpPQ44Q\/s400\/DSC_0031_xx.jpg\" width=\"320px\" \/><\/a><\/div>\n","protected":false},"excerpt":{"rendered":"<p>>hur glada och lyckliga vi \u00e4r \ud83d\ude00KAKAN \u00e4r hemma igen!!!! :):):):) Ig\u00e5r \u00e5kte vi tur och retur Norrland f\u00f6r att h\u00e4mta lilla Kakan och hans \u00e4nnu mindre polare Pysen. Resan upp gick j\u00e4ttebra (men dock lite v\u00e4l m\u00e5nga kisspauser men &hellip; <a href=\"http:\/\/pernillaodlund.se\/?p=767\">L\u00e4s mer <span class=\"meta-nav\">&rarr;<\/span><\/a><\/p>\n","protected":false},"author":1,"featured_media":0,"comment_status":"open","ping_status":"open","sticky":false,"template":"","format":"standard","meta":{"om_disable_all_campaigns":false,"_monsterinsights_skip_tracking":false,"_monsterinsights_sitenote_active":false,"_monsterinsights_sitenote_note":"","_monsterinsights_sitenote_category":0,"footnotes":""},"categories":[1],"tags":[],"class_list":["post-767","post","type-post","status-publish","format-standard","hentry","category-uncategorized"],"aioseo_notices":[],"_links":{"self":[{"href":"http:\/\/pernillaodlund.se\/index.php?rest_route=\/wp\/v2\/posts\/767","targetHints":{"allow":["GET"]}}],"collection":[{"href":"http:\/\/pernillaodlund.se\/index.php?rest_route=\/wp\/v2\/posts"}],"about":[{"href":"http:\/\/pernillaodlund.se\/index.php?rest_route=\/wp\/v2\/types\/post"}],"author":[{"embeddable":true,"href":"http:\/\/pernillaodlund.se\/index.php?rest_route=\/wp\/v2\/users\/1"}],"replies":[{"embeddable":true,"href":"http:\/\/pernillaodlund.se\/index.php?rest_route=%2Fwp%2Fv2%2Fcomments&post=767"}],"version-history":[{"count":0,"href":"http:\/\/pernillaodlund.se\/index.php?rest_route=\/wp\/v2\/posts\/767\/revisions"}],"wp:attachment":[{"href":"http:\/\/pernillaodlund.se\/index.php?rest_route=%2Fwp%2Fv2%2Fmedia&parent=767"}],"wp:term":[{"taxonomy":"category","embeddable":true,"href":"http:\/\/pernillaodlund.se\/index.php?rest_route=%2Fwp%2Fv2%2Fcategories&post=767"},{"taxonomy":"post_tag","embeddable":true,"href":"http:\/\/pernillaodlund.se\/index.php?rest_route=%2Fwp%2Fv2%2Ftags&post=767"}],"curies":[{"name":"wp","href":"https:\/\/api.w.org\/{rel}","templated":true}]}}