{"id":768,"date":"2011-05-07T22:17:00","date_gmt":"2011-05-07T21:17:00","guid":{"rendered":"http:\/\/pernillaodlund.se\/?p=768"},"modified":"2011-05-07T22:17:00","modified_gmt":"2011-05-07T21:17:00","slug":"fy-skams","status":"publish","type":"post","link":"http:\/\/pernillaodlund.se\/?p=768","title":{"rendered":">Fy sk\u00e4ms"},"content":{"rendered":"<p>><span style=\"font-family: &quot;Helvetica Neue&quot;, Arial, Helvetica, sans-serif;\">p\u00e5 mig &#8211; snart en vecka utan ett enda inl\u00e4gg \ud83d\ude41<\/span><\/p>\n<p><span style=\"font-family: &quot;Helvetica Neue&quot;, Arial, Helvetica, sans-serif;\">Vad har egentligen h\u00e4nt &#8230; <\/span><\/p>\n<p><span style=\"font-family: &quot;Helvetica Neue&quot;, Arial, Helvetica, sans-serif;\">Vi har \u00e5terknytit kontakten s\u00e5 sakteligen med v\u00e5ra fina vackraste goa Kakan \ud83d\ude00 &#8211; lyckan \u00e4r verkligen total. Emma har ridit varanann dag och varanann har han f\u00e5tt vila. Han och hans kompis Pysen g\u00e5r ute&nbsp;dygnet runt&nbsp;i den ena skogshagen och i hagen bredvid g\u00e5r Qalle och verkar i alla fall ganska n\u00f6jd. <\/span><br \/><span style=\"font-family: &quot;Helvetica Neue&quot;, Arial, Helvetica, sans-serif;\">Emma fick till ett j\u00e4ttefint dressyrpass med Nido \ud83d\ude42<\/span><br \/><span style=\"font-family: &quot;Helvetica Neue&quot;, Arial, Helvetica, sans-serif;\">P\u00e5 onsdagens hopptr\u00e4ning var Nido s\u00e5 fin att &#8230; ja jag vet inte, han var i alla fall v\u00e4rd miljoner den dagen haha. N\u00e4 men sk\u00e4mt \u00e5sido &#8211; han \u00e4r tillbaka igen och det \u00e4r s\u00e5 himla sk\u00f6nt.<\/span><br \/><span style=\"font-family: &quot;Helvetica Neue&quot;, Arial, Helvetica, sans-serif;\">Jag och Cuba upplevde&nbsp;ett enormt trevligt ridpass h\u00e4romdagen. Hon \u00e4r ju\/kan ju vara lite tjafsig i munnen men d\u00e5 var hon mjuk och avslappnad och bar sig sj\u00e4lv helt fantastiskt fint. <\/span><\/p>\n<p><span style=\"font-family: &quot;Helvetica Neue&quot;, Arial, Helvetica, sans-serif;\">Natten mellan fredag och l\u00f6rdag fick alla h\u00e4starna sova ute och idag p\u00e5 dagen var v\u00e5ra h\u00e4star j\u00e4ttetr\u00f6tta \ud83d\ude42 s\u00e5 de fick komma in och sova inatt eftersom vi ska t\u00e4vla imorgon.<\/span><\/p>\n<p><span style=\"font-family: &quot;Helvetica Neue&quot;, Arial, Helvetica, sans-serif;\">P\u00e5 fredagen hj\u00e4lpte jag en kompis att flytta hennes h\u00e4star &#8230; det var en 2-\u00e5ring och en 20-\u00e5ring som skulle flytta. N\u00e4r hon k\u00f6pte 2-\u00e5ringen, som 1-\u00e5ring, var jag med och k\u00f6rde (fr\u00e5n \u00d6land) och den g\u00e5ngen tog det 4 timmar att lasta den d\u00e5 ohanterade 1-\u00e5ringen. Ig\u00e5r tog det 2 minuter s\u00e5 stod hon s\u00e5 fint p\u00e5 transporten \ud83d\ude42<\/span><br \/><span style=\"font-family: &quot;Helvetica Neue&quot;, Arial, Helvetica, sans-serif;\">20-\u00e5ringen d\u00e4remot var en helt annan historia &#8230;<\/span><br \/><span style=\"font-family: &quot;Helvetica Neue&quot;, Arial, Helvetica, sans-serif;\">Nu \u00e4r dom i alla fall i sitt nya hem och jag hoppas dom ska trivas \ud83d\ude42<\/span><\/p>\n<p><span style=\"font-family: &quot;Helvetica Neue&quot;, Arial, Helvetica, sans-serif;\">I morgon \u00e4r det d\u00e5 dags f\u00f6r lokalhoppning och eftersom Emma och Nido inte t\u00e4vlat hoppning p\u00e5 l\u00e4nge och han varit ur form s\u00e5 pass l\u00e4nge s\u00e5 skulle hon bara starta LD (det \u00e4r samtidigt allsvenskans andra omg\u00e5ng f\u00f6r Div III). Eftersom vi \u00e4nd\u00e5 ska dit med Cuba som \u00e4r utl\u00e5nad till medryttaren s\u00e5 t\u00e4nkte vi tar med Nido ocks\u00e5. Jag meddelade att vi skulle vara p\u00e5 plats hela dagen, till \u00c5RS lagledare och d\u00e5 visade det sig att dom \u00e4r ett ekipage kort. S\u00e5 Emma f\u00e5r vara med i Div III-laget igen \ud83d\ude42 J\u00e4tteskojigt.<\/span><\/p>\n<p><span style=\"font-family: Arial;\">Det l\u00e4r bli en l\u00e5ng men rolig dag \ud83d\ude42 <\/span><\/p>\n","protected":false},"excerpt":{"rendered":"<p>>p\u00e5 mig &#8211; snart en vecka utan ett enda inl\u00e4gg \ud83d\ude41 Vad har egentligen h\u00e4nt &#8230; Vi har \u00e5terknytit kontakten s\u00e5 sakteligen med v\u00e5ra fina vackraste goa Kakan \ud83d\ude00 &#8211; lyckan \u00e4r verkligen total. Emma har ridit varanann dag och &hellip; <a href=\"http:\/\/pernillaodlund.se\/?p=768\">L\u00e4s mer <span class=\"meta-nav\">&rarr;<\/span><\/a><\/p>\n","protected":false},"author":1,"featured_media":0,"comment_status":"open","ping_status":"open","sticky":false,"template":"","format":"standard","meta":{"om_disable_all_campaigns":false,"_monsterinsights_skip_tracking":false,"_monsterinsights_sitenote_active":false,"_monsterinsights_sitenote_note":"","_monsterinsights_sitenote_category":0,"footnotes":""},"categories":[1],"tags":[],"class_list":["post-768","post","type-post","status-publish","format-standard","hentry","category-uncategorized"],"aioseo_notices":[],"_links":{"self":[{"href":"http:\/\/pernillaodlund.se\/index.php?rest_route=\/wp\/v2\/posts\/768","targetHints":{"allow":["GET"]}}],"collection":[{"href":"http:\/\/pernillaodlund.se\/index.php?rest_route=\/wp\/v2\/posts"}],"about":[{"href":"http:\/\/pernillaodlund.se\/index.php?rest_route=\/wp\/v2\/types\/post"}],"author":[{"embeddable":true,"href":"http:\/\/pernillaodlund.se\/index.php?rest_route=\/wp\/v2\/users\/1"}],"replies":[{"embeddable":true,"href":"http:\/\/pernillaodlund.se\/index.php?rest_route=%2Fwp%2Fv2%2Fcomments&post=768"}],"version-history":[{"count":0,"href":"http:\/\/pernillaodlund.se\/index.php?rest_route=\/wp\/v2\/posts\/768\/revisions"}],"wp:attachment":[{"href":"http:\/\/pernillaodlund.se\/index.php?rest_route=%2Fwp%2Fv2%2Fmedia&parent=768"}],"wp:term":[{"taxonomy":"category","embeddable":true,"href":"http:\/\/pernillaodlund.se\/index.php?rest_route=%2Fwp%2Fv2%2Fcategories&post=768"},{"taxonomy":"post_tag","embeddable":true,"href":"http:\/\/pernillaodlund.se\/index.php?rest_route=%2Fwp%2Fv2%2Ftags&post=768"}],"curies":[{"name":"wp","href":"https:\/\/api.w.org\/{rel}","templated":true}]}}