{"id":776,"date":"2011-05-22T22:18:00","date_gmt":"2011-05-22T21:18:00","guid":{"rendered":"http:\/\/pernillaodlund.se\/?p=776"},"modified":"2011-05-22T22:18:00","modified_gmt":"2011-05-22T21:18:00","slug":"dagen","status":"publish","type":"post","link":"http:\/\/pernillaodlund.se\/?p=776","title":{"rendered":">Dagen :)"},"content":{"rendered":"<p>><span style=\"font-family: &quot;Helvetica Neue&quot;, Arial, Helvetica, sans-serif;\">Emmas debut i LB idag gick l\u00e5ngt \u00f6ver f\u00f6rv\u00e4ntan. Hon skramlade ihop hela 63,33% och ledde l\u00e4nge men sen ramlade alla fina Sundby-ponnysarna in och tog \u00f6ver placeringarn. Till slut hamnade Emma p\u00e5 plats 10 av 18. Vi \u00e4r dock supern\u00f6jda \u00f6ver dagens prestation med tanke p\u00e5 att det var f\u00f6rsta g\u00e5ngen. Eftersom det var finalen s\u00e5 hade klassen tre domare och en av domarna gav Emma \u00f6ver 65% &#8211; det tycker jag var himla roligt. Hon fick tre st 8:or. Arbetstraven (i b\u00f6rjan), serpentinerna och arbetsgalopp (p\u00e5 volt) var det som gick hem b\u00e4st hos domarna. S\u00e4mst betyg fick hon p\u00e5 sina halter &#8211; vilket k\u00e4nns helt r\u00e4tt d\u00e5 Nido \u00e4r alldeles f\u00f6r okoncentrerad f\u00f6r att st\u00e5 still. Men det ska vi \u00f6va p\u00e5 \ud83d\ude42<\/span><br \/><span style=\"font-family: Arial;\">I alla fall en rolig dag.<\/span><br \/><span style=\"font-family: Arial;\">N\u00e4r vi kom tillbaka till stallet gick hon raka v\u00e4gen ner och h\u00e4mtade Kakan och red ett ordentligt dressyrpass \u00e4ven p\u00e5 honom. Hon har blivit v\u00e4rsta dressyrtjejen \ud83d\ude42 Mycket kul tycker mamma \ud83d\ude09<\/span><\/p>\n<p><span style=\"font-family: Arial;\">I juli \u00e5ker vi p\u00e5 dressyr-meeting till Gripens Ryttarf\u00f6rening. D\u00e5 rider man dressyr i tre dagar och \u00e4r med i en cup &#8211; vi valde Lilla Cupen som \u00e4r LC p\u00e5 fredagen, LB p\u00e5 l\u00f6rdagen och LB p\u00e5 s\u00f6ndagen. Det ska bli j\u00e4tteroligt.<\/span><\/p>\n<p><span style=\"font-family: Arial;\">Om tv\u00e5 veckor \u00e4r det n\u00e4sta dressyrt\u00e4vling och det \u00e4r i T\u00e4by &#8211; dit tar vi med oss en av de unga ponnysarna. Sp\u00e4nnande \ud83d\ude42&nbsp; Nido startar LC och LB.<\/span><br \/><span style=\"font-family: Arial;\">Sedan \u00e4r det ocks\u00e5 en LC\/LB l\u00f6rdagen den 18 juni &#8211; d\u00e5 p\u00e5 Roslagen. Sen \u00e4r nog t\u00e4vlingss\u00e4songen slut. Dock \u00e4r det Pay&amp;Jump p\u00e5 Runsten nu p\u00e5 l\u00f6rdag och d\u00e5 har Emma lovat att starta en av ungponnysarna. Och s\u00e5 ska vi se om inte Qalle kan starta 80cm ocks\u00e5. <\/span><\/p>\n<p><span style=\"font-family: Arial;\">Sen blir det semester f\u00f6r b\u00e5de mammor, sm\u00e5ryttare och h\u00e4star (stora som sm\u00e5, unga som gamla) \ud83d\ude00<\/span><\/p>\n","protected":false},"excerpt":{"rendered":"<p>>Emmas debut i LB idag gick l\u00e5ngt \u00f6ver f\u00f6rv\u00e4ntan. Hon skramlade ihop hela 63,33% och ledde l\u00e4nge men sen ramlade alla fina Sundby-ponnysarna in och tog \u00f6ver placeringarn. Till slut hamnade Emma p\u00e5 plats 10 av 18. Vi \u00e4r dock &hellip; <a href=\"http:\/\/pernillaodlund.se\/?p=776\">L\u00e4s mer <span class=\"meta-nav\">&rarr;<\/span><\/a><\/p>\n","protected":false},"author":1,"featured_media":0,"comment_status":"open","ping_status":"open","sticky":false,"template":"","format":"standard","meta":{"om_disable_all_campaigns":false,"_monsterinsights_skip_tracking":false,"_monsterinsights_sitenote_active":false,"_monsterinsights_sitenote_note":"","_monsterinsights_sitenote_category":0,"footnotes":""},"categories":[1],"tags":[],"class_list":["post-776","post","type-post","status-publish","format-standard","hentry","category-uncategorized"],"aioseo_notices":[],"_links":{"self":[{"href":"http:\/\/pernillaodlund.se\/index.php?rest_route=\/wp\/v2\/posts\/776","targetHints":{"allow":["GET"]}}],"collection":[{"href":"http:\/\/pernillaodlund.se\/index.php?rest_route=\/wp\/v2\/posts"}],"about":[{"href":"http:\/\/pernillaodlund.se\/index.php?rest_route=\/wp\/v2\/types\/post"}],"author":[{"embeddable":true,"href":"http:\/\/pernillaodlund.se\/index.php?rest_route=\/wp\/v2\/users\/1"}],"replies":[{"embeddable":true,"href":"http:\/\/pernillaodlund.se\/index.php?rest_route=%2Fwp%2Fv2%2Fcomments&post=776"}],"version-history":[{"count":0,"href":"http:\/\/pernillaodlund.se\/index.php?rest_route=\/wp\/v2\/posts\/776\/revisions"}],"wp:attachment":[{"href":"http:\/\/pernillaodlund.se\/index.php?rest_route=%2Fwp%2Fv2%2Fmedia&parent=776"}],"wp:term":[{"taxonomy":"category","embeddable":true,"href":"http:\/\/pernillaodlund.se\/index.php?rest_route=%2Fwp%2Fv2%2Fcategories&post=776"},{"taxonomy":"post_tag","embeddable":true,"href":"http:\/\/pernillaodlund.se\/index.php?rest_route=%2Fwp%2Fv2%2Ftags&post=776"}],"curies":[{"name":"wp","href":"https:\/\/api.w.org\/{rel}","templated":true}]}}