{"id":778,"date":"2011-05-25T14:11:00","date_gmt":"2011-05-25T13:11:00","guid":{"rendered":"http:\/\/pernillaodlund.se\/?p=778"},"modified":"2011-05-25T14:11:00","modified_gmt":"2011-05-25T13:11:00","slug":"konstigt-6","status":"publish","type":"post","link":"http:\/\/pernillaodlund.se\/?p=778","title":{"rendered":">Konstigt"},"content":{"rendered":"<p>><span style=\"font-family: &quot;Helvetica Neue&quot;, Arial, Helvetica, sans-serif;\">Hur man kan bli glad \u00f6ver ett krossat ben &#8211; men det \u00e4r exakt vad jag \u00e4r &#8211; GLAD &#8230; Cubas griffelben \u00e4r delvis krossat och bitarna ska opereras bort p\u00e5 tisdag. Denna diagnos \u00e4r s\u00e5 mycket b\u00e4ttre \u00e4n en senskada. Visst det blir operation och hon ska s\u00f6vas med riskerna det medf\u00f6r men \u00e4nd\u00e5. Vad bra att jag best\u00e4mde mig f\u00f6r att \u00e5ka till klinik ist\u00e4llet f\u00f6r att ta ut Marianne med hennes ultraljudsmaskin. <\/span><\/p>\n<p><span style=\"font-family: Arial;\">S\u00e5 ni som s\u00e5 sn\u00e4llt h\u00e5llt tummarna f\u00f6r Cubisen &#8211; h\u00e5ll dem lite till p\u00e5 tisdag lunch\/em&nbsp;n\u00e4r hon vaknar efter operationen och ska st\u00e4lla sig upp igen.<\/span><\/p>\n<div class=\"separator\" style=\"clear: both; text-align: center;\"><a href=\"http:\/\/4.bp.blogspot.com\/-gNzIf25nyQY\/Tdz_39eKUzI\/AAAAAAAAB94\/zT8FZx9aEl8\/s1600\/DSC_0058_xx.jpg\" imageanchor=\"1\" style=\"margin-left: 1em; margin-right: 1em;\"><img decoding=\"async\" border=\"0\" height=\"320px\" src=\"http:\/\/4.bp.blogspot.com\/-gNzIf25nyQY\/Tdz_39eKUzI\/AAAAAAAAB94\/zT8FZx9aEl8\/s320\/DSC_0058_xx.jpg\" t8=\"true\" width=\"287px\" \/><\/a><br \/><span style=\"font-family: &quot;Helvetica Neue&quot;, Arial, Helvetica, sans-serif; font-size: x-small;\">\u00c4lskade lilla h\u00e4st &lt;3<\/span><\/div>\n","protected":false},"excerpt":{"rendered":"<p>>Hur man kan bli glad \u00f6ver ett krossat ben &#8211; men det \u00e4r exakt vad jag \u00e4r &#8211; GLAD &#8230; Cubas griffelben \u00e4r delvis krossat och bitarna ska opereras bort p\u00e5 tisdag. Denna diagnos \u00e4r s\u00e5 mycket b\u00e4ttre \u00e4n en &hellip; <a href=\"http:\/\/pernillaodlund.se\/?p=778\">L\u00e4s mer <span class=\"meta-nav\">&rarr;<\/span><\/a><\/p>\n","protected":false},"author":1,"featured_media":0,"comment_status":"open","ping_status":"open","sticky":false,"template":"","format":"standard","meta":{"om_disable_all_campaigns":false,"_monsterinsights_skip_tracking":false,"_monsterinsights_sitenote_active":false,"_monsterinsights_sitenote_note":"","_monsterinsights_sitenote_category":0,"footnotes":""},"categories":[1],"tags":[],"class_list":["post-778","post","type-post","status-publish","format-standard","hentry","category-uncategorized"],"aioseo_notices":[],"_links":{"self":[{"href":"http:\/\/pernillaodlund.se\/index.php?rest_route=\/wp\/v2\/posts\/778","targetHints":{"allow":["GET"]}}],"collection":[{"href":"http:\/\/pernillaodlund.se\/index.php?rest_route=\/wp\/v2\/posts"}],"about":[{"href":"http:\/\/pernillaodlund.se\/index.php?rest_route=\/wp\/v2\/types\/post"}],"author":[{"embeddable":true,"href":"http:\/\/pernillaodlund.se\/index.php?rest_route=\/wp\/v2\/users\/1"}],"replies":[{"embeddable":true,"href":"http:\/\/pernillaodlund.se\/index.php?rest_route=%2Fwp%2Fv2%2Fcomments&post=778"}],"version-history":[{"count":0,"href":"http:\/\/pernillaodlund.se\/index.php?rest_route=\/wp\/v2\/posts\/778\/revisions"}],"wp:attachment":[{"href":"http:\/\/pernillaodlund.se\/index.php?rest_route=%2Fwp%2Fv2%2Fmedia&parent=778"}],"wp:term":[{"taxonomy":"category","embeddable":true,"href":"http:\/\/pernillaodlund.se\/index.php?rest_route=%2Fwp%2Fv2%2Fcategories&post=778"},{"taxonomy":"post_tag","embeddable":true,"href":"http:\/\/pernillaodlund.se\/index.php?rest_route=%2Fwp%2Fv2%2Ftags&post=778"}],"curies":[{"name":"wp","href":"https:\/\/api.w.org\/{rel}","templated":true}]}}