{"id":89,"date":"2008-11-12T22:38:00","date_gmt":"2008-11-12T21:38:00","guid":{"rendered":"http:\/\/pernillaodlund.se\/?p=89"},"modified":"2008-11-12T22:38:00","modified_gmt":"2008-11-12T21:38:00","slug":"uppdatering","status":"publish","type":"post","link":"http:\/\/pernillaodlund.se\/?p=89","title":{"rendered":">Uppdatering"},"content":{"rendered":"<p>><span style=\"font-family:verdana;\">Ja nu var det ngr dagar sedan jag skrev ngt h\u00e4r. Vad har h\u00e4nt &#8230; tja inte s\u00e5 mkt. <\/span><br \/><span style=\"font-family:verdana;\"><\/span><br \/><span style=\"font-family:verdana;\">Rasmus blev mobbad i hagen, satt fast i sitt (eller tja snarare mitt) regnt\u00e4cke, kom inte d\u00e4rifr\u00e5n och blev b\u00e5de biten och sparkad \ud83d\ude41 Ledsen h\u00e4st!<br \/><\/span><br \/><span style=\"font-family:verdana;\">Nicke-picke \u00e4r i Tyskland p\u00e5 m\u00e4ssa och jag sk\u00f6ter ruljangsen hemma alldeles allena &#8211; fast med mina stora duktiga barn \u00e4r det ju inte s\u00e5 sv\u00e5rt. Vi har det riktigt mysigt \ud83d\ude42<br \/>Vi har varit och k\u00f6pt lite kl\u00e4der till Jeppe idag, han hade bara ett par jeans och dem var trasiga &#8211; s\u00e5 jag \u00f6vertalade honom att prova tv\u00e5 par i aff\u00e4ren och h\u00f6r och h\u00e4pna b\u00e5da f\u00f6ll herr\u00b4n i smaken och k\u00f6ptes. Han hade sett en tr\u00f6ja som han ville ha s\u00e5 den k\u00f6pte vi ocks\u00e5. En riktigt snygg vit typ kofta &#8230; han blev superfin i den. Man m\u00e4rker att han b\u00f6rjar bli riktigt stor &#8230; lillgubben *hihi*<\/p>\n<p>Emma-skrutt m\u00e5dde illa och hade j\u00e4tteont imagen i morse s\u00e5 hon fick bli hemma. Sedan har hon sovit av och till n\u00e4stan hela dagen s\u00e5 n\u00e5got fel \u00e4r det men jag vet inte riktigt vad. Som tur \u00e4r har hon i alla fall inte kr\u00e4kts &#8230; j\u00f6sses vilken tur!<br \/>P\u00e5 kv\u00e4llen hade jag kv\u00e4llsfodring i stallet och barnen ville inte vara ensamma s\u00e5 b\u00e5da tv\u00e5 f\u00f6ljde med. Barnen tog hand om katterna och jag om h\u00e4starna &#8230;. \ud83d\ude42<\/p>\n<p>Imorgon hoppas jag att Emma \u00e4r b\u00e4ttre s\u00e5 att jag kan \u00e5ka till stallet tidigt och rida. Visserligen ska Millan iv\u00e4g och hopptr\u00e4na men eftersom Sud-i-ludd fick st\u00e5 idag (Millan har ocks\u00e5 varit d\u00e5lig idag) s\u00e5 tror jag hon blir glad om jag rider honom p\u00e5 fm imr s\u00e5 han inte blir s\u00e5 himlans pigg p\u00e5 tr\u00e4ningen.<\/p>\n<p>I m\u00e5ndags best\u00e4mde jag och Bella oss f\u00f6r att p\u00e5 tisdagen skulle vi \u00e5ka iv\u00e4g och rida p\u00e5 Skrefsta, jag tog reda p\u00e5 vad vi skulle betala, om det var ledig m.m. S\u00e5 n\u00e4r vi kom till stallet p\u00e5 m\u00e5ndag em s\u00e5 hade ju Rasmus blivit s\u00e5 tilltygad i hagen s\u00e5 han var halt &#8211; s\u00e5 d\u00e5 var det ju ingen id\u00e9 att \u00e5ka iv\u00e4g till n\u00e5got ridhus och betala. S\u00e5 det f\u00e5r bli n\u00e4sta vecka ist\u00e4llet, hoppas jag.<\/span><\/p>\n","protected":false},"excerpt":{"rendered":"<p>>Ja nu var det ngr dagar sedan jag skrev ngt h\u00e4r. Vad har h\u00e4nt &#8230; tja inte s\u00e5 mkt. Rasmus blev mobbad i hagen, satt fast i sitt (eller tja snarare mitt) regnt\u00e4cke, kom inte d\u00e4rifr\u00e5n och blev b\u00e5de biten &hellip; <a href=\"http:\/\/pernillaodlund.se\/?p=89\">L\u00e4s mer <span class=\"meta-nav\">&rarr;<\/span><\/a><\/p>\n","protected":false},"author":1,"featured_media":0,"comment_status":"open","ping_status":"open","sticky":false,"template":"","format":"standard","meta":{"om_disable_all_campaigns":false,"_monsterinsights_skip_tracking":false,"_monsterinsights_sitenote_active":false,"_monsterinsights_sitenote_note":"","_monsterinsights_sitenote_category":0,"footnotes":""},"categories":[1],"tags":[],"class_list":["post-89","post","type-post","status-publish","format-standard","hentry","category-uncategorized"],"aioseo_notices":[],"_links":{"self":[{"href":"http:\/\/pernillaodlund.se\/index.php?rest_route=\/wp\/v2\/posts\/89","targetHints":{"allow":["GET"]}}],"collection":[{"href":"http:\/\/pernillaodlund.se\/index.php?rest_route=\/wp\/v2\/posts"}],"about":[{"href":"http:\/\/pernillaodlund.se\/index.php?rest_route=\/wp\/v2\/types\/post"}],"author":[{"embeddable":true,"href":"http:\/\/pernillaodlund.se\/index.php?rest_route=\/wp\/v2\/users\/1"}],"replies":[{"embeddable":true,"href":"http:\/\/pernillaodlund.se\/index.php?rest_route=%2Fwp%2Fv2%2Fcomments&post=89"}],"version-history":[{"count":0,"href":"http:\/\/pernillaodlund.se\/index.php?rest_route=\/wp\/v2\/posts\/89\/revisions"}],"wp:attachment":[{"href":"http:\/\/pernillaodlund.se\/index.php?rest_route=%2Fwp%2Fv2%2Fmedia&parent=89"}],"wp:term":[{"taxonomy":"category","embeddable":true,"href":"http:\/\/pernillaodlund.se\/index.php?rest_route=%2Fwp%2Fv2%2Fcategories&post=89"},{"taxonomy":"post_tag","embeddable":true,"href":"http:\/\/pernillaodlund.se\/index.php?rest_route=%2Fwp%2Fv2%2Ftags&post=89"}],"curies":[{"name":"wp","href":"https:\/\/api.w.org\/{rel}","templated":true}]}}