{"id":5575,"date":"2023-03-08T19:28:31","date_gmt":"2023-03-08T18:28:31","guid":{"rendered":"http:\/\/pernillaodlund.se\/?p=5575"},"modified":"2023-03-08T19:28:33","modified_gmt":"2023-03-08T18:28:33","slug":"kvinnornas-dag","status":"publish","type":"post","link":"https:\/\/pernillaodlund.se\/?p=5575","title":{"rendered":"Kvinnornas dag"},"content":{"rendered":"\n<p>Eftersom det \u00e4r kvinnornas dag idag s\u00e5 m\u00e5ste v\u00e4l \u00e4ven jag skriva en rad (eller flera) om det.<\/p>\n\n\n\n<p>Jag s\u00e5g en lista i Expressen \u00f6ver \u00c5rets kvinnor 2023. 100 namn var listade och det var h\u00f6gt och l\u00e5gt. En intressant listan som t\u00e4ckte det mesta. N\u00e5gra stack ut mer andra f\u00f6r just mig.<\/p>\n\n\n\n<figure class=\"wp-block-image size-large\"><a href=\"http:\/\/media.pernillaodlund.se\/2023\/03\/IMG_2913.jpg\"><img loading=\"lazy\" decoding=\"async\" width=\"686\" height=\"1024\" src=\"http:\/\/media.pernillaodlund.se\/2023\/03\/IMG_2913-686x1024.jpg\" alt=\"\" class=\"wp-image-5576\" srcset=\"http:\/\/media.pernillaodlund.se\/2023\/03\/IMG_2913-686x1024.jpg 686w, http:\/\/media.pernillaodlund.se\/2023\/03\/IMG_2913-201x300.jpg 201w, http:\/\/media.pernillaodlund.se\/2023\/03\/IMG_2913-768x1146.jpg 768w, http:\/\/media.pernillaodlund.se\/2023\/03\/IMG_2913-1029x1536.jpg 1029w, http:\/\/media.pernillaodlund.se\/2023\/03\/IMG_2913.jpg 1170w\" sizes=\"auto, (max-width: 686px) 100vw, 686px\" \/><\/a><\/figure>\n\n\n\n<p>Annie L\u00f6\u00f6f \u00e4r en helt enast\u00e5ende kvinna i mina \u00f6gon. Jag kommer ih\u00e5g n\u00e4r hon och stod och lovade oss v\u00e4ljare att INTE samarbeta med SD. Jag r\u00f6stade p\u00e5 C och var samtidigt s\u00e5\u00e5 r\u00e4dd f\u00f6r att hon inte skulle h\u00e5lla ord. Men det gjorde hon, hela tiden stod hon upp f\u00f6r exakt de v\u00e4rderingar som jag verkligen verkligen v\u00e4rnar.  F\u00f6r mig var det en stor sorg n\u00e4r jag ins\u00e5g att Annie L\u00f6\u00f6f inte l\u00e4ngre kommer vara ett alternativ i n\u00e4sta val. Men jag tror jag har valt min eftertr\u00e4dare.<\/p>\n\n\n\n<figure class=\"wp-block-image size-large\"><a href=\"http:\/\/media.pernillaodlund.se\/2023\/03\/IMG_2915.jpg\"><img loading=\"lazy\" decoding=\"async\" width=\"473\" height=\"1024\" src=\"http:\/\/media.pernillaodlund.se\/2023\/03\/IMG_2915-473x1024.jpg\" alt=\"\" class=\"wp-image-5578\" srcset=\"http:\/\/media.pernillaodlund.se\/2023\/03\/IMG_2915-473x1024.jpg 473w, http:\/\/media.pernillaodlund.se\/2023\/03\/IMG_2915-139x300.jpg 139w, http:\/\/media.pernillaodlund.se\/2023\/03\/IMG_2915-768x1662.jpg 768w, http:\/\/media.pernillaodlund.se\/2023\/03\/IMG_2915-710x1536.jpg 710w, http:\/\/media.pernillaodlund.se\/2023\/03\/IMG_2915-946x2048.jpg 946w, http:\/\/media.pernillaodlund.se\/2023\/03\/IMG_2915.jpg 1170w\" sizes=\"auto, (max-width: 473px) 100vw, 473px\" \/><\/a><\/figure>\n\n\n\n<p>I hela min uppv\u00e4xt har Socialdemokratin varit n\u00e5gor fult, n\u00e5got man aldrig n\u00e5gonsin skulle kunna r\u00f6sta p\u00e5. N\u00e4r jag sedan v\u00e4xte upp och fick egna v\u00e4rderingar s\u00e5 blev det inte samma som mina f\u00f6r\u00e4ldrar utan Centern som jag valde att l\u00e4gga mina r\u00f6ster p\u00e5. Men ju \u00e4ldre jag blir och ju mer jag ser hur or\u00e4ttvisorna ser ut s\u00e5 blir jag mer och mer \u00f6vertygad om att S \u00e4r mitt n\u00e4sta parti. \u00c4n s\u00e5 l\u00e4nge \u00e4r jag medlem i C men till n\u00e4sta val tror jag nog att jag g\u00e5tt \u00f6ver. Att Magdalena Andersson blev v\u00e5rt lands f\u00f6rsta kvinnliga statsminister g\u00f6r att man k\u00e4nner sig stolt \u00f6ver att vara svensk!<\/p>\n\n\n\n<figure class=\"wp-block-image size-large is-resized\"><a href=\"http:\/\/media.pernillaodlund.se\/2023\/03\/IMG_2914.jpg\"><img loading=\"lazy\" decoding=\"async\" src=\"http:\/\/media.pernillaodlund.se\/2023\/03\/IMG_2914-473x1024.jpg\" alt=\"\" class=\"wp-image-5577\" width=\"464\" height=\"1004\" srcset=\"http:\/\/media.pernillaodlund.se\/2023\/03\/IMG_2914-473x1024.jpg 473w, http:\/\/media.pernillaodlund.se\/2023\/03\/IMG_2914-139x300.jpg 139w, http:\/\/media.pernillaodlund.se\/2023\/03\/IMG_2914-768x1662.jpg 768w, http:\/\/media.pernillaodlund.se\/2023\/03\/IMG_2914-710x1536.jpg 710w, http:\/\/media.pernillaodlund.se\/2023\/03\/IMG_2914-946x2048.jpg 946w, http:\/\/media.pernillaodlund.se\/2023\/03\/IMG_2914.jpg 1170w\" sizes=\"auto, (max-width: 464px) 100vw, 464px\" \/><\/a><\/figure>\n\n\n\n<p>Om ni inte redan f\u00f6ljer Jenny p\u00e5 instagram s\u00e5 b\u00f6rjar med det. Hon \u00e4r helt enast\u00e5ende. Vilken kvinna och vilken f\u00f6rebild!!<\/p>\n\n\n\n<figure class=\"wp-block-image size-large\"><a href=\"http:\/\/media.pernillaodlund.se\/2023\/03\/IMG_2916.jpg\"><img loading=\"lazy\" decoding=\"async\" width=\"473\" height=\"1024\" src=\"http:\/\/media.pernillaodlund.se\/2023\/03\/IMG_2916-473x1024.jpg\" alt=\"\" class=\"wp-image-5579\" srcset=\"http:\/\/media.pernillaodlund.se\/2023\/03\/IMG_2916-473x1024.jpg 473w, http:\/\/media.pernillaodlund.se\/2023\/03\/IMG_2916-139x300.jpg 139w, http:\/\/media.pernillaodlund.se\/2023\/03\/IMG_2916-768x1662.jpg 768w, http:\/\/media.pernillaodlund.se\/2023\/03\/IMG_2916-710x1536.jpg 710w, http:\/\/media.pernillaodlund.se\/2023\/03\/IMG_2916-946x2048.jpg 946w, http:\/\/media.pernillaodlund.se\/2023\/03\/IMG_2916.jpg 1170w\" sizes=\"auto, (max-width: 473px) 100vw, 473px\" \/><\/a><\/figure>\n\n\n\n<p>Jag \u00e4r inte en m\u00e4nniska som lyssnar speciellt mycket p\u00e5 musik &#8211; vilket resten av familjen tycker \u00e4r helt konstigt. Men denna kvinna tycker jag lite extra mycket om. Hennes r\u00f6st \u00e4r fantastisk att lyssna p\u00e5.<br>Saker-ni-inte-vet-om-mig: N\u00e4r Molly var liten tr\u00e4ffade jag henne en del i USA, Florida. Men det kommer hon nog inte ih\u00e5g, f\u00f6r hon var under 6 m\u00e5n. gammal.<\/p>\n\n\n\n<figure class=\"wp-block-image size-large\"><a href=\"http:\/\/media.pernillaodlund.se\/2023\/03\/IMG_2917.jpg\"><img loading=\"lazy\" decoding=\"async\" width=\"473\" height=\"1024\" src=\"http:\/\/media.pernillaodlund.se\/2023\/03\/IMG_2917-473x1024.jpg\" alt=\"\" class=\"wp-image-5580\" srcset=\"http:\/\/media.pernillaodlund.se\/2023\/03\/IMG_2917-473x1024.jpg 473w, http:\/\/media.pernillaodlund.se\/2023\/03\/IMG_2917-139x300.jpg 139w, http:\/\/media.pernillaodlund.se\/2023\/03\/IMG_2917-768x1662.jpg 768w, http:\/\/media.pernillaodlund.se\/2023\/03\/IMG_2917-710x1536.jpg 710w, http:\/\/media.pernillaodlund.se\/2023\/03\/IMG_2917-946x2048.jpg 946w, http:\/\/media.pernillaodlund.se\/2023\/03\/IMG_2917.jpg 1170w\" sizes=\"auto, (max-width: 473px) 100vw, 473px\" \/><\/a><\/figure>\n\n\n\n<p>Den h\u00e4r kvinnan \u00e4r n\u00e5got ut\u00f6ver det vanliga. Hon \u00e4r rolig, informativ och ger sig aldrig. St\u00e5r upp f\u00f6r b\u00e5de ridsporten och kvinnor. Amazing helt enkelt!!<\/p>\n\n\n\n<p>Ja &#8211; vi har en l\u00e5ng v\u00e4g kvar att vandra MEN det viktigaste \u00e4r att vi &#8211; KVINNOR &#8211; h\u00e5ller ihop. Som Liza Marklund sa f\u00f6r r\u00e4tt l\u00e4nge sedan:<br>Det finns en s\u00e4rskild plats i helvetet f\u00f6r kvinnor som inte hj\u00e4lper varandra<br>Och det tror jag p\u00e5. Vi M\u00c5STE h\u00e5lla ihop. St\u00f6tta varandra, hj\u00e4lpa varandra! Inte bara idag utan alla dagar, hela \u00e5ret.<\/p>\n","protected":false},"excerpt":{"rendered":"<p>Eftersom det \u00e4r kvinnornas dag idag s\u00e5 m\u00e5ste v\u00e4l \u00e4ven jag skriva en rad (eller flera) om det. Jag s\u00e5g en lista i Expressen \u00f6ver \u00c5rets kvinnor 2023. 100 namn var listade och det var h\u00f6gt och l\u00e5gt. En intressant &hellip; <a href=\"https:\/\/pernillaodlund.se\/?p=5575\">L\u00e4s mer <span class=\"meta-nav\">&rarr;<\/span><\/a><\/p>\n","protected":false},"author":1,"featured_media":0,"comment_status":"open","ping_status":"open","sticky":false,"template":"","format":"standard","meta":{"om_disable_all_campaigns":false,"_monsterinsights_skip_tracking":false,"_monsterinsights_sitenote_active":false,"_monsterinsights_sitenote_note":"","_monsterinsights_sitenote_category":0,"footnotes":""},"categories":[32],"tags":[],"class_list":["post-5575","post","type-post","status-publish","format-standard","hentry","category-allm_prat"],"aioseo_notices":[],"_links":{"self":[{"href":"https:\/\/pernillaodlund.se\/index.php?rest_route=\/wp\/v2\/posts\/5575","targetHints":{"allow":["GET"]}}],"collection":[{"href":"https:\/\/pernillaodlund.se\/index.php?rest_route=\/wp\/v2\/posts"}],"about":[{"href":"https:\/\/pernillaodlund.se\/index.php?rest_route=\/wp\/v2\/types\/post"}],"author":[{"embeddable":true,"href":"https:\/\/pernillaodlund.se\/index.php?rest_route=\/wp\/v2\/users\/1"}],"replies":[{"embeddable":true,"href":"https:\/\/pernillaodlund.se\/index.php?rest_route=%2Fwp%2Fv2%2Fcomments&post=5575"}],"version-history":[{"count":1,"href":"https:\/\/pernillaodlund.se\/index.php?rest_route=\/wp\/v2\/posts\/5575\/revisions"}],"predecessor-version":[{"id":5581,"href":"https:\/\/pernillaodlund.se\/index.php?rest_route=\/wp\/v2\/posts\/5575\/revisions\/5581"}],"wp:attachment":[{"href":"https:\/\/pernillaodlund.se\/index.php?rest_route=%2Fwp%2Fv2%2Fmedia&parent=5575"}],"wp:term":[{"taxonomy":"category","embeddable":true,"href":"https:\/\/pernillaodlund.se\/index.php?rest_route=%2Fwp%2Fv2%2Fcategories&post=5575"},{"taxonomy":"post_tag","embeddable":true,"href":"https:\/\/pernillaodlund.se\/index.php?rest_route=%2Fwp%2Fv2%2Ftags&post=5575"}],"curies":[{"name":"wp","href":"https:\/\/api.w.org\/{rel}","templated":true}]}}