{"id":5588,"date":"2023-03-12T14:22:20","date_gmt":"2023-03-12T13:22:20","guid":{"rendered":"http:\/\/pernillaodlund.se\/?p=5588"},"modified":"2023-03-12T17:54:38","modified_gmt":"2023-03-12T16:54:38","slug":"forutseende","status":"publish","type":"post","link":"https:\/\/pernillaodlund.se\/?p=5588","title":{"rendered":"F\u00f6rutseende"},"content":{"rendered":"\n<p>Redan f\u00f6r ett \u00e5r sedan b\u00f6rjade jag t\u00e4nka att det skulle bli tufft med \u00f6kade kostnader. Jag misst\u00e4nkte att foderkostnaderna skulle g\u00e5 upp rej\u00e4lt s\u00e5 jag best\u00e4mde mig f\u00f6r att s\u00e4lja en-tv\u00e5 h\u00e4star f\u00f6r att ha r\u00e5d att k\u00f6pa p\u00e5 mig 2022\/2023 \u00e5rs foder till 2021 \u00e5rs priser. Sagt och gjort &#8211; s\u00e5lde det \u00e5rets f\u00f6l och ett av avelsstona.<\/p>\n\n\n\n<p>Och k\u00f6pte upp en hel s\u00e4songs behov av foder till bra pris. S\u00e5 redan i mars 2022 hade jag foder f\u00f6r hela s\u00e4songen 2022\/2023.<\/p>\n\n\n\n<figure class=\"wp-block-image size-large\"><a href=\"http:\/\/media.pernillaodlund.se\/2023\/03\/275440280_10158686702187005_8495659056922087690_n.jpeg\"><img loading=\"lazy\" decoding=\"async\" width=\"1024\" height=\"768\" src=\"http:\/\/media.pernillaodlund.se\/2023\/03\/275440280_10158686702187005_8495659056922087690_n-1024x768.jpeg\" alt=\"\" class=\"wp-image-5589\" srcset=\"http:\/\/media.pernillaodlund.se\/2023\/03\/275440280_10158686702187005_8495659056922087690_n-1024x768.jpeg 1024w, http:\/\/media.pernillaodlund.se\/2023\/03\/275440280_10158686702187005_8495659056922087690_n-300x225.jpeg 300w, http:\/\/media.pernillaodlund.se\/2023\/03\/275440280_10158686702187005_8495659056922087690_n-768x576.jpeg 768w, http:\/\/media.pernillaodlund.se\/2023\/03\/275440280_10158686702187005_8495659056922087690_n-1536x1152.jpeg 1536w, http:\/\/media.pernillaodlund.se\/2023\/03\/275440280_10158686702187005_8495659056922087690_n-400x300.jpeg 400w, http:\/\/media.pernillaodlund.se\/2023\/03\/275440280_10158686702187005_8495659056922087690_n.jpeg 2048w\" sizes=\"auto, (max-width: 1024px) 100vw, 1024px\" \/><\/a><\/figure>\n\n\n\n<p>N\u00e4r allt detta foder var p\u00e5 plats s\u00e5 k\u00e4ndes det som att ett ton sl\u00e4ppte fr\u00e5n mina axlar. Det finns f\u00e5 saker som stressar mig som att INTE ha foder till h\u00e4starna. Tork-sommaren 2018 satte sina sp\u00e5r kan jag s\u00e4ga!<\/p>\n\n\n\n<p>Nu &#8211; ett \u00e5r senare ser det ut s\u00e5 h\u00e4r:<\/p>\n\n\n\n<figure class=\"wp-block-image size-large\"><a href=\"http:\/\/media.pernillaodlund.se\/2023\/03\/IMG_2932-scaled.jpg\"><img loading=\"lazy\" decoding=\"async\" width=\"1024\" height=\"768\" src=\"http:\/\/media.pernillaodlund.se\/2023\/03\/IMG_2932-1024x768.jpg\" alt=\"\" class=\"wp-image-5585\" srcset=\"http:\/\/media.pernillaodlund.se\/2023\/03\/IMG_2932-1024x768.jpg 1024w, http:\/\/media.pernillaodlund.se\/2023\/03\/IMG_2932-300x225.jpg 300w, http:\/\/media.pernillaodlund.se\/2023\/03\/IMG_2932-768x576.jpg 768w, http:\/\/media.pernillaodlund.se\/2023\/03\/IMG_2932-1536x1152.jpg 1536w, http:\/\/media.pernillaodlund.se\/2023\/03\/IMG_2932-2048x1536.jpg 2048w, http:\/\/media.pernillaodlund.se\/2023\/03\/IMG_2932-400x300.jpg 400w\" sizes=\"auto, (max-width: 1024px) 100vw, 1024px\" \/><\/a><\/figure>\n\n\n\n<p>Det finns en hel del foder kvar, s\u00e5 pass att det utan problem kommer r\u00e4cka till betet. Och det k\u00e4nns s\u00e5 sk\u00f6nt. Efter en h\u00f6st och vinter d\u00e4r varje krona r\u00e4knas s\u00e5 \u00e4r det i alla fall sk\u00f6nt att ha foder s\u00e5 h\u00e4starna inte beh\u00f6ver m\u00e4rka av att det \u00e4r d\u00e5liga tider.<\/p>\n\n\n\n<p>Jag s\u00e5g \u00e4ven till att ha kraftoder och str\u00f6 hemma till hela s\u00e4songen. Jag k\u00f6pte b\u00e5de halm och sp\u00e5npellets s\u00e5 det r\u00e4cker, till och med mer \u00e4n behovet f\u00f6r denna s\u00e4song. Men det g\u00e5r ju l\u00e4tt att spara till n\u00e4sta s\u00e4song ocks\u00e5.<\/p>\n","protected":false},"excerpt":{"rendered":"<p>Redan f\u00f6r ett \u00e5r sedan b\u00f6rjade jag t\u00e4nka att det skulle bli tufft med \u00f6kade kostnader. Jag misst\u00e4nkte att foderkostnaderna skulle g\u00e5 upp rej\u00e4lt s\u00e5 jag best\u00e4mde mig f\u00f6r att s\u00e4lja en-tv\u00e5 h\u00e4star f\u00f6r att ha r\u00e5d att k\u00f6pa p\u00e5 &hellip; <a href=\"https:\/\/pernillaodlund.se\/?p=5588\">L\u00e4s mer <span class=\"meta-nav\">&rarr;<\/span><\/a><\/p>\n","protected":false},"author":1,"featured_media":0,"comment_status":"open","ping_status":"open","sticky":false,"template":"","format":"standard","meta":{"om_disable_all_campaigns":false,"_monsterinsights_skip_tracking":false,"_monsterinsights_sitenote_active":false,"_monsterinsights_sitenote_note":"","_monsterinsights_sitenote_category":0,"footnotes":""},"categories":[32],"tags":[],"class_list":["post-5588","post","type-post","status-publish","format-standard","hentry","category-allm_prat"],"aioseo_notices":[],"_links":{"self":[{"href":"https:\/\/pernillaodlund.se\/index.php?rest_route=\/wp\/v2\/posts\/5588","targetHints":{"allow":["GET"]}}],"collection":[{"href":"https:\/\/pernillaodlund.se\/index.php?rest_route=\/wp\/v2\/posts"}],"about":[{"href":"https:\/\/pernillaodlund.se\/index.php?rest_route=\/wp\/v2\/types\/post"}],"author":[{"embeddable":true,"href":"https:\/\/pernillaodlund.se\/index.php?rest_route=\/wp\/v2\/users\/1"}],"replies":[{"embeddable":true,"href":"https:\/\/pernillaodlund.se\/index.php?rest_route=%2Fwp%2Fv2%2Fcomments&post=5588"}],"version-history":[{"count":2,"href":"https:\/\/pernillaodlund.se\/index.php?rest_route=\/wp\/v2\/posts\/5588\/revisions"}],"predecessor-version":[{"id":5591,"href":"https:\/\/pernillaodlund.se\/index.php?rest_route=\/wp\/v2\/posts\/5588\/revisions\/5591"}],"wp:attachment":[{"href":"https:\/\/pernillaodlund.se\/index.php?rest_route=%2Fwp%2Fv2%2Fmedia&parent=5588"}],"wp:term":[{"taxonomy":"category","embeddable":true,"href":"https:\/\/pernillaodlund.se\/index.php?rest_route=%2Fwp%2Fv2%2Fcategories&post=5588"},{"taxonomy":"post_tag","embeddable":true,"href":"https:\/\/pernillaodlund.se\/index.php?rest_route=%2Fwp%2Fv2%2Ftags&post=5588"}],"curies":[{"name":"wp","href":"https:\/\/api.w.org\/{rel}","templated":true}]}}