{"id":5692,"date":"2023-04-11T09:29:29","date_gmt":"2023-04-11T08:29:29","guid":{"rendered":"http:\/\/pernillaodlund.se\/?p=5692"},"modified":"2023-04-11T09:29:31","modified_gmt":"2023-04-11T08:29:31","slug":"10-dagar-senare","status":"publish","type":"post","link":"https:\/\/pernillaodlund.se\/?p=5692","title":{"rendered":"10 dagar senare"},"content":{"rendered":"\n<p>F\u00f6r tio dagar sedan ramlade jag och br\u00f6t min handled. Vi \u00e5kte in och jag fick gips. Kv\u00e4llen efter var jag tillbaka och fick nytt gips d\u00e5 armen svullnat och jag fick ont och kunde inte r\u00f6ra fingrarna ordentligt. En vecka senare hade jag tid f\u00f6r ny r\u00f6ntgen och tid med ortopeden. Tyv\u00e4rr s\u00e5g det inte s\u00e5 bra ut och jag fick veta att jag skulle opereras n\u00e5n g\u00e5ng under p\u00e5sken.<\/p>\n\n\n\n<figure class=\"wp-block-image size-large\"><a href=\"http:\/\/media.pernillaodlund.se\/2023\/04\/IMG_3055-scaled.jpeg\"><img loading=\"lazy\" decoding=\"async\" width=\"768\" height=\"1024\" src=\"http:\/\/media.pernillaodlund.se\/2023\/04\/IMG_3055-768x1024.jpeg\" alt=\"\" class=\"wp-image-5693\" srcset=\"http:\/\/media.pernillaodlund.se\/2023\/04\/IMG_3055-768x1024.jpeg 768w, http:\/\/media.pernillaodlund.se\/2023\/04\/IMG_3055-225x300.jpeg 225w, http:\/\/media.pernillaodlund.se\/2023\/04\/IMG_3055-1152x1536.jpeg 1152w, http:\/\/media.pernillaodlund.se\/2023\/04\/IMG_3055-1536x2048.jpeg 1536w, http:\/\/media.pernillaodlund.se\/2023\/04\/IMG_3055-scaled.jpeg 1920w\" sizes=\"auto, (max-width: 768px) 100vw, 768px\" \/><\/a><figcaption class=\"wp-element-caption\">Mina v\u00e4ldigt svullna fingrar innan nytt gips<\/figcaption><\/figure>\n\n\n\n<p>Jag hann knappt hem fr\u00e5n sjukhuset innan jag blev uppringd och de sa att operationen mest troligt skulle ske p\u00e5 sk\u00e4rtorsdagen (dvs dagen efter). S\u00e5 jag blev ombedd att fasta fr\u00e5n midnatt. P\u00e5 morgonen skulle de ringa mellan 08-10. Kl 10.30 ringde de och bad mig komma s\u00e5 fort jag kunde. S\u00e5 vid halv tolv var jag p\u00e5 plats. F\u00f6rst fick jag tr\u00e4ffa kirurgen och sedan en sk\u00f6terska som &#8221;preppade&#8221; mig f\u00f6r operation. Eftersom jag inte m\u00e5r s\u00e5 bra av morfin s\u00e5 skulle jag f\u00e5 en nervblokad. En narkosl\u00e4kare och en &#8221;trainee&#8221; gick in med n\u00e5l och med hj\u00e4lp av ultraljud la de en nervblokad &#8211; som inte tog r\u00e4tt. S\u00e5 v\u00e4l inne p\u00e5 op s\u00e5 kunde jag fortfarande r\u00f6ra hela armen. Jag blev uppkopplad till en apparat som m\u00e4tte hj\u00e4rtslag och tog blodtryck &#8211; d\u00e4r kunde var och en se hur nerv\u00f6s jag var \ud83d\ude48\ud83d\ude44<\/p>\n\n\n\n<p>N\u00e4r jag vaknade p\u00e5 uppvaket hade jag gr\u00e4sligt ont. Och dessutom en v\u00e4ldigt h\u00f6g puls (150-160). Efter x antal injektioner av diverse slag &#8211; jag vet inte vad de gav mig men inget med morfin i, s\u00e5 fick jag fr\u00e5gan om jag ville ha en ny nervblokad &#8211; d\u00e5 den skulle ta bort sm\u00e4rtan. Man trodde d\u00e5 att den h\u00f6ga pulsen berodde p\u00e5 sm\u00e4rta. Jag tackade ja och fick en, som tog r\u00e4tt och all sm\u00e4rta f\u00f6rsvann i ett slag. Sk\u00f6nt! Men pulsen gick inte ner. De v\u00e5gade inte skicka hem mig utan skickade mig vidare till en avdelning. D\u00e4r fick jag ligga ytterligare n\u00e5gon timme innan jag fick ringa Nicklas och be honom h\u00e4mta mig.<\/p>\n\n\n\n<figure class=\"wp-block-image size-large\"><a href=\"http:\/\/media.pernillaodlund.se\/2023\/04\/DEE5E903-A973-48BC-8825-9288EC895CBD-scaled.jpg\"><img loading=\"lazy\" decoding=\"async\" width=\"576\" height=\"1024\" src=\"http:\/\/media.pernillaodlund.se\/2023\/04\/DEE5E903-A973-48BC-8825-9288EC895CBD-576x1024.jpg\" alt=\"\" class=\"wp-image-5694\" srcset=\"http:\/\/media.pernillaodlund.se\/2023\/04\/DEE5E903-A973-48BC-8825-9288EC895CBD-576x1024.jpg 576w, http:\/\/media.pernillaodlund.se\/2023\/04\/DEE5E903-A973-48BC-8825-9288EC895CBD-169x300.jpg 169w, http:\/\/media.pernillaodlund.se\/2023\/04\/DEE5E903-A973-48BC-8825-9288EC895CBD-768x1365.jpg 768w, http:\/\/media.pernillaodlund.se\/2023\/04\/DEE5E903-A973-48BC-8825-9288EC895CBD-864x1536.jpg 864w, http:\/\/media.pernillaodlund.se\/2023\/04\/DEE5E903-A973-48BC-8825-9288EC895CBD-1152x2048.jpg 1152w, http:\/\/media.pernillaodlund.se\/2023\/04\/DEE5E903-A973-48BC-8825-9288EC895CBD-scaled.jpg 1440w\" sizes=\"auto, (max-width: 576px) 100vw, 576px\" \/><\/a><figcaption class=\"wp-element-caption\">Tur de m\u00e4rker upp VAR de ska operera \ud83d\ude02<\/figcaption><\/figure>\n\n\n\n<p>N\u00e4r jag vaknade p\u00e5 fredag morgon b\u00f6rjade nervblokaden sl\u00e4ppa s\u00e5 sm\u00e5tt och d\u00e5 kom ocks\u00e5 sm\u00e4rtorna. Vi \u00e5t en trevlig p\u00e5sklunch tillsammans med min pappa, bror, brors fru men efter lunch var jag tvungen att vila en stund. Jag hade mer ont \u00e4n jag faktiskt haft n\u00e5gonsin. Och d\u00e5 \u00e4r jag inte gn\u00e4llig n\u00e5nstans n\u00e4r det kommer till sm\u00e4rta. Jag hade morfin-tabletter men hade inte velat ta dem, men ins\u00e5g att n\u00e5t annat var inte att t\u00e4nka p\u00e5. De hj\u00e4lpte NOLL och intet! S\u00e5 efter middagen blev det en ny tur till S\u00f6dert\u00e4lje sjukhus akut. Det blev det femte bes\u00f6ket p\u00e5 8 dagar \ud83d\ude44<\/p>\n\n\n\n<figure class=\"wp-block-gallery has-nested-images columns-default is-cropped wp-block-gallery-1 is-layout-flex wp-block-gallery-is-layout-flex\">\n<figure class=\"wp-block-image size-large\"><a href=\"http:\/\/media.pernillaodlund.se\/2023\/04\/IMG_2988-scaled.jpeg\"><img loading=\"lazy\" decoding=\"async\" width=\"768\" height=\"1024\" data-id=\"5695\" src=\"http:\/\/media.pernillaodlund.se\/2023\/04\/IMG_2988-768x1024.jpeg\" alt=\"\" class=\"wp-image-5695\" srcset=\"http:\/\/media.pernillaodlund.se\/2023\/04\/IMG_2988-768x1024.jpeg 768w, http:\/\/media.pernillaodlund.se\/2023\/04\/IMG_2988-225x300.jpeg 225w, http:\/\/media.pernillaodlund.se\/2023\/04\/IMG_2988-1152x1536.jpeg 1152w, http:\/\/media.pernillaodlund.se\/2023\/04\/IMG_2988-1536x2048.jpeg 1536w, http:\/\/media.pernillaodlund.se\/2023\/04\/IMG_2988-scaled.jpeg 1920w\" sizes=\"auto, (max-width: 768px) 100vw, 768px\" \/><\/a><\/figure>\n\n\n\n<figure class=\"wp-block-image size-large\"><a href=\"http:\/\/media.pernillaodlund.se\/2023\/04\/IMG_2990-scaled.jpeg\"><img loading=\"lazy\" decoding=\"async\" width=\"768\" height=\"1024\" data-id=\"5696\" src=\"http:\/\/media.pernillaodlund.se\/2023\/04\/IMG_2990-768x1024.jpeg\" alt=\"\" class=\"wp-image-5696\" srcset=\"http:\/\/media.pernillaodlund.se\/2023\/04\/IMG_2990-768x1024.jpeg 768w, http:\/\/media.pernillaodlund.se\/2023\/04\/IMG_2990-225x300.jpeg 225w, http:\/\/media.pernillaodlund.se\/2023\/04\/IMG_2990-1152x1536.jpeg 1152w, http:\/\/media.pernillaodlund.se\/2023\/04\/IMG_2990-1536x2048.jpeg 1536w, http:\/\/media.pernillaodlund.se\/2023\/04\/IMG_2990-scaled.jpeg 1920w\" sizes=\"auto, (max-width: 768px) 100vw, 768px\" \/><\/a><\/figure>\n\n\n\n<figure class=\"wp-block-image size-large\"><a href=\"http:\/\/media.pernillaodlund.se\/2023\/04\/IMG_2991-scaled.jpeg\"><img loading=\"lazy\" decoding=\"async\" width=\"768\" height=\"1024\" data-id=\"5697\" src=\"http:\/\/media.pernillaodlund.se\/2023\/04\/IMG_2991-768x1024.jpeg\" alt=\"\" class=\"wp-image-5697\" srcset=\"http:\/\/media.pernillaodlund.se\/2023\/04\/IMG_2991-768x1024.jpeg 768w, http:\/\/media.pernillaodlund.se\/2023\/04\/IMG_2991-225x300.jpeg 225w, http:\/\/media.pernillaodlund.se\/2023\/04\/IMG_2991-1152x1536.jpeg 1152w, http:\/\/media.pernillaodlund.se\/2023\/04\/IMG_2991-1536x2048.jpeg 1536w, http:\/\/media.pernillaodlund.se\/2023\/04\/IMG_2991-scaled.jpeg 1920w\" sizes=\"auto, (max-width: 768px) 100vw, 768px\" \/><\/a><\/figure>\n\n\n\n<figure class=\"wp-block-image size-large\"><a href=\"http:\/\/media.pernillaodlund.se\/2023\/04\/IMG_2997-scaled.jpeg\"><img loading=\"lazy\" decoding=\"async\" width=\"768\" height=\"1024\" data-id=\"5698\" src=\"http:\/\/media.pernillaodlund.se\/2023\/04\/IMG_2997-768x1024.jpeg\" alt=\"\" class=\"wp-image-5698\" srcset=\"http:\/\/media.pernillaodlund.se\/2023\/04\/IMG_2997-768x1024.jpeg 768w, http:\/\/media.pernillaodlund.se\/2023\/04\/IMG_2997-225x300.jpeg 225w, http:\/\/media.pernillaodlund.se\/2023\/04\/IMG_2997-1152x1536.jpeg 1152w, http:\/\/media.pernillaodlund.se\/2023\/04\/IMG_2997-1536x2048.jpeg 1536w, http:\/\/media.pernillaodlund.se\/2023\/04\/IMG_2997-scaled.jpeg 1920w\" sizes=\"auto, (max-width: 768px) 100vw, 768px\" \/><\/a><\/figure>\n<\/figure>\n\n\n\n<p>N\u00e4r vi f\u00f6rst kom in och fick prata med tv\u00e5 sk\u00f6terskor s\u00e5 l\u00e4t det som att det skulle ta tid och de l\u00e4t lite som de tyckte vi skulle \u00e5ka hem och st\u00e5 ut med sm\u00e4rtan. Men efter att ha lyssnat p\u00e5 mig en stund s\u00e5 kom strax en l\u00e4kare och han gick och ringde den kirurgen som opererat. Hon kom springande ner till akuten i ett huj. Hon tog av gipset och konstaterade att det stasat armen och troligen orsakat de v\u00e4ldiga sm\u00e4rtorna. Jag fick ett nytt gips! Det fj\u00e4rde gipset p\u00e5 8 dagar \ud83d\ude44\ud83d\ude02 Ska man skratta eller gr\u00e5ta?<\/p>\n\n\n\n<p>Hem igen med order att \u00e4ta de starka sm\u00e4rtstillande var 4e timme tillsammans med alvedon. Jag hade s\u00e5 ont p\u00e5 natten s\u00e5 jag gr\u00e4t och kunde absolut inte sova. Tabletterna gjorde noll skillnad. P\u00e5 morgonen b\u00f6rjade det k\u00e4nnas lite lite b\u00e4ttre s\u00e5 jag och min sv\u00e4gerska \u00e5kte p\u00e5 en liten utflykt. Det och det fina v\u00e4dret fick mig p\u00e5 lite b\u00e4ttre hum\u00f6r. Och sakteliga s\u00e5 sl\u00e4ppte de v\u00e4rsta sm\u00e4rtorna.<\/p>\n\n\n\n<figure class=\"wp-block-gallery has-nested-images columns-default is-cropped wp-block-gallery-2 is-layout-flex wp-block-gallery-is-layout-flex\">\n<figure class=\"wp-block-image size-large\"><a href=\"http:\/\/media.pernillaodlund.se\/2023\/04\/IMG_3100-scaled.jpeg\"><img loading=\"lazy\" decoding=\"async\" width=\"768\" height=\"1024\" data-id=\"5699\" src=\"http:\/\/media.pernillaodlund.se\/2023\/04\/IMG_3100-768x1024.jpeg\" alt=\"\" class=\"wp-image-5699\" srcset=\"http:\/\/media.pernillaodlund.se\/2023\/04\/IMG_3100-768x1024.jpeg 768w, http:\/\/media.pernillaodlund.se\/2023\/04\/IMG_3100-225x300.jpeg 225w, http:\/\/media.pernillaodlund.se\/2023\/04\/IMG_3100-1152x1536.jpeg 1152w, http:\/\/media.pernillaodlund.se\/2023\/04\/IMG_3100-1536x2048.jpeg 1536w, http:\/\/media.pernillaodlund.se\/2023\/04\/IMG_3100-scaled.jpeg 1920w\" sizes=\"auto, (max-width: 768px) 100vw, 768px\" \/><\/a><\/figure>\n\n\n\n<figure class=\"wp-block-image size-large\"><a href=\"http:\/\/media.pernillaodlund.se\/2023\/04\/IMG_3110-scaled.jpeg\"><img loading=\"lazy\" decoding=\"async\" width=\"1024\" height=\"768\" data-id=\"5700\" src=\"http:\/\/media.pernillaodlund.se\/2023\/04\/IMG_3110-1024x768.jpeg\" alt=\"\" class=\"wp-image-5700\" srcset=\"http:\/\/media.pernillaodlund.se\/2023\/04\/IMG_3110-1024x768.jpeg 1024w, http:\/\/media.pernillaodlund.se\/2023\/04\/IMG_3110-300x225.jpeg 300w, http:\/\/media.pernillaodlund.se\/2023\/04\/IMG_3110-768x576.jpeg 768w, http:\/\/media.pernillaodlund.se\/2023\/04\/IMG_3110-1536x1152.jpeg 1536w, http:\/\/media.pernillaodlund.se\/2023\/04\/IMG_3110-2048x1536.jpeg 2048w, http:\/\/media.pernillaodlund.se\/2023\/04\/IMG_3110-400x300.jpeg 400w\" sizes=\"auto, (max-width: 1024px) 100vw, 1024px\" \/><\/a><\/figure>\n\n\n\n<figure class=\"wp-block-image size-large\"><a href=\"http:\/\/media.pernillaodlund.se\/2023\/04\/IMG_3123-scaled.jpeg\"><img loading=\"lazy\" decoding=\"async\" width=\"1024\" height=\"768\" data-id=\"5701\" src=\"http:\/\/media.pernillaodlund.se\/2023\/04\/IMG_3123-1024x768.jpeg\" alt=\"\" class=\"wp-image-5701\" srcset=\"http:\/\/media.pernillaodlund.se\/2023\/04\/IMG_3123-1024x768.jpeg 1024w, http:\/\/media.pernillaodlund.se\/2023\/04\/IMG_3123-300x225.jpeg 300w, http:\/\/media.pernillaodlund.se\/2023\/04\/IMG_3123-768x576.jpeg 768w, http:\/\/media.pernillaodlund.se\/2023\/04\/IMG_3123-1536x1152.jpeg 1536w, http:\/\/media.pernillaodlund.se\/2023\/04\/IMG_3123-2048x1536.jpeg 2048w, http:\/\/media.pernillaodlund.se\/2023\/04\/IMG_3123-400x300.jpeg 400w\" sizes=\"auto, (max-width: 1024px) 100vw, 1024px\" \/><\/a><\/figure>\n\n\n\n<figure class=\"wp-block-image size-large\"><a href=\"http:\/\/media.pernillaodlund.se\/2023\/04\/IMG_3120-scaled.jpeg\"><img loading=\"lazy\" decoding=\"async\" width=\"768\" height=\"1024\" data-id=\"5702\" src=\"http:\/\/media.pernillaodlund.se\/2023\/04\/IMG_3120-768x1024.jpeg\" alt=\"\" class=\"wp-image-5702\" srcset=\"http:\/\/media.pernillaodlund.se\/2023\/04\/IMG_3120-768x1024.jpeg 768w, http:\/\/media.pernillaodlund.se\/2023\/04\/IMG_3120-225x300.jpeg 225w, http:\/\/media.pernillaodlund.se\/2023\/04\/IMG_3120-1152x1536.jpeg 1152w, http:\/\/media.pernillaodlund.se\/2023\/04\/IMG_3120-1536x2048.jpeg 1536w, http:\/\/media.pernillaodlund.se\/2023\/04\/IMG_3120-scaled.jpeg 1920w\" sizes=\"auto, (max-width: 768px) 100vw, 768px\" \/><\/a><\/figure>\n\n\n\n<figure class=\"wp-block-image size-large\"><a href=\"http:\/\/media.pernillaodlund.se\/2023\/04\/IMG_3125-scaled.jpeg\"><img loading=\"lazy\" decoding=\"async\" width=\"1024\" height=\"768\" data-id=\"5703\" src=\"http:\/\/media.pernillaodlund.se\/2023\/04\/IMG_3125-1024x768.jpeg\" alt=\"\" class=\"wp-image-5703\" srcset=\"http:\/\/media.pernillaodlund.se\/2023\/04\/IMG_3125-1024x768.jpeg 1024w, http:\/\/media.pernillaodlund.se\/2023\/04\/IMG_3125-300x225.jpeg 300w, http:\/\/media.pernillaodlund.se\/2023\/04\/IMG_3125-768x576.jpeg 768w, http:\/\/media.pernillaodlund.se\/2023\/04\/IMG_3125-1536x1152.jpeg 1536w, http:\/\/media.pernillaodlund.se\/2023\/04\/IMG_3125-2048x1536.jpeg 2048w, http:\/\/media.pernillaodlund.se\/2023\/04\/IMG_3125-400x300.jpeg 400w\" sizes=\"auto, (max-width: 1024px) 100vw, 1024px\" \/><\/a><\/figure>\n<\/figure>\n\n\n\n<p>Om n\u00e5gra dagar ringer handterapeuten och om tv\u00e5 veckor ska stygnen tas. D\u00e5 ska jag \u00e4ven r\u00f6ntgas och f\u00e5 tr\u00e4ffa b\u00e5de en ortoped och handterapeuten. Hoppas jag f\u00e5r bra \u00f6vningar och slipper gipset redan om 2 veckor. Nu \u00e4r jag n\u00e4stan helt sm\u00e4rtfri och d\u00e5 k\u00e4nns det n\u00e4stan overkligt hur ont jag hade bara f\u00f6r tv\u00e5 dygn sedan. Som en sammanfattning kan jag s\u00e4ga att detta k\u00e4ndes v\u00e4ldigt on\u00f6digt. Kirurgen som opererade sa att jag inte f\u00e5r cykla eller rida p\u00e5 tre m\u00e5nader \ud83d\ude31 N\u00e4r det g\u00e4ller cykling \u00e4r det halva s\u00e4songen som g\u00e5r till spillo \ud83d\ude29<\/p>\n","protected":false},"excerpt":{"rendered":"<p>F\u00f6r tio dagar sedan ramlade jag och br\u00f6t min handled. Vi \u00e5kte in och jag fick gips. Kv\u00e4llen efter var jag tillbaka och fick nytt gips d\u00e5 armen svullnat och jag fick ont och kunde inte r\u00f6ra fingrarna ordentligt. En &hellip; <a href=\"https:\/\/pernillaodlund.se\/?p=5692\">L\u00e4s mer <span class=\"meta-nav\">&rarr;<\/span><\/a><\/p>\n","protected":false},"author":1,"featured_media":0,"comment_status":"open","ping_status":"open","sticky":false,"template":"","format":"standard","meta":{"om_disable_all_campaigns":false,"_monsterinsights_skip_tracking":false,"_monsterinsights_sitenote_active":false,"_monsterinsights_sitenote_note":"","_monsterinsights_sitenote_category":0,"footnotes":""},"categories":[32],"tags":[],"class_list":["post-5692","post","type-post","status-publish","format-standard","hentry","category-allm_prat"],"aioseo_notices":[],"_links":{"self":[{"href":"https:\/\/pernillaodlund.se\/index.php?rest_route=\/wp\/v2\/posts\/5692","targetHints":{"allow":["GET"]}}],"collection":[{"href":"https:\/\/pernillaodlund.se\/index.php?rest_route=\/wp\/v2\/posts"}],"about":[{"href":"https:\/\/pernillaodlund.se\/index.php?rest_route=\/wp\/v2\/types\/post"}],"author":[{"embeddable":true,"href":"https:\/\/pernillaodlund.se\/index.php?rest_route=\/wp\/v2\/users\/1"}],"replies":[{"embeddable":true,"href":"https:\/\/pernillaodlund.se\/index.php?rest_route=%2Fwp%2Fv2%2Fcomments&post=5692"}],"version-history":[{"count":1,"href":"https:\/\/pernillaodlund.se\/index.php?rest_route=\/wp\/v2\/posts\/5692\/revisions"}],"predecessor-version":[{"id":5704,"href":"https:\/\/pernillaodlund.se\/index.php?rest_route=\/wp\/v2\/posts\/5692\/revisions\/5704"}],"wp:attachment":[{"href":"https:\/\/pernillaodlund.se\/index.php?rest_route=%2Fwp%2Fv2%2Fmedia&parent=5692"}],"wp:term":[{"taxonomy":"category","embeddable":true,"href":"https:\/\/pernillaodlund.se\/index.php?rest_route=%2Fwp%2Fv2%2Fcategories&post=5692"},{"taxonomy":"post_tag","embeddable":true,"href":"https:\/\/pernillaodlund.se\/index.php?rest_route=%2Fwp%2Fv2%2Ftags&post=5692"}],"curies":[{"name":"wp","href":"https:\/\/api.w.org\/{rel}","templated":true}]}}